{"id":57852,"date":"2026-02-16T12:00:00","date_gmt":"2026-02-16T12:00:00","guid":{"rendered":"https:\/\/rtsa-tacc.com\/cannrt-research-forum-designing-for-access-disability-policy-equity-and-support-for-children-and-youth\/"},"modified":"2026-08-28T20:29:37","modified_gmt":"2026-08-28T20:29:37","slug":"cannrt-research-forum-designing-for-access-disability-policy-equity-and-support-for-children-and-youth","status":"publish","type":"post","link":"https:\/\/rtsa-tacc.com\/fr\/cannrt-research-forum-designing-for-access-disability-policy-equity-and-support-for-children-and-youth\/","title":{"rendered":"Forum de recherche CanFRN | Concevoir pour favoriser l\u2019acc\u00e8s : politiques en mati\u00e8re de handicap, \u00e9quit\u00e9 et soutien aux enfants et aux jeunes"},"content":{"rendered":"\t\t<div data-elementor-type=\"wp-post\" data-elementor-id=\"57852\" class=\"elementor elementor-57852 elementor-57845\" data-elementor-post-type=\"post\">\n\t\t\t\t<div class=\"elementor-element elementor-element-69da1636 e-flex e-con-boxed wpr-particle-no wpr-jarallax-no wpr-parallax-no wpr-sticky-section-no wpr-equal-height-no e-con e-parent\" data-id=\"69da1636\" data-element_type=\"container\" data-e-type=\"container\">\n\t\t\t\t\t<div class=\"e-con-inner\">\n\t\t\t\t<div class=\"elementor-element elementor-element-439a642 elementor-widget elementor-widget-text-editor\" data-id=\"439a642\" data-element_type=\"widget\" data-e-type=\"widget\" data-widget_type=\"text-editor.default\">\n\t\t\t\t<div class=\"elementor-widget-container\">\n\t\t\t\t\t\t\t\t\t<h3 class=\"PDq2pG_selectionAnchorContainer\" data-section-id=\"lg0qdu\" data-start=\"290\" data-end=\"304\"><span role=\"text\"><strong data-start=\"294\" data-end=\"304\">Aper\u00e7u<\/strong><\/span><\/h3><p data-start=\"306\" data-end=\"587\"><strong data-start=\"306\" data-end=\"325\">Conf\u00e9renci\u00e8re :<\/strong> Jennifer Zwicker<br data-start=\"342\" data-end=\"345\" \/><strong data-start=\"345\" data-end=\"355\">Date :<\/strong> 31 mars 2027<br data-start=\"368\" data-end=\"371\" \/><strong data-start=\"371\" data-end=\"382\">Heure :<\/strong> de 16 h \u00e0 17 h (HE)<br data-start=\"402\" data-end=\"405\" \/><strong data-start=\"405\" data-end=\"417\">Langue :<\/strong> anglais<br data-start=\"425\" data-end=\"428\" \/><strong data-start=\"428\" data-end=\"440\">Format :<\/strong> en ligne, sur Zoom<br data-start=\"459\" data-end=\"462\" \/><strong data-start=\"462\" data-end=\"480\">Public cible :<\/strong> membres du <a class=\"decorated-link\" href=\"https:\/\/cannrt.ca\/fr\/adhesion\/\" target=\"_new\" rel=\"noopener\" data-start=\"492\" data-end=\"532\">CanFRN<\/a> et du <a class=\"decorated-link\" href=\"https:\/\/rtsa-tacc.com\/fr\/devenir-membre\/\" target=\"_new\" rel=\"noopener\" data-start=\"539\" data-end=\"587\">RTSA<\/a><\/p>\t\t\t\t\t\t\t\t<\/div>\n\t\t\t\t<\/div>\n\t\t\t\t<div class=\"elementor-element elementor-element-4bf7066 elementor-widget elementor-widget-button\" data-id=\"4bf7066\" data-element_type=\"widget\" data-e-type=\"widget\" data-widget_type=\"button.default\">\n\t\t\t\t<div class=\"elementor-widget-container\">\n\t\t\t\t\t\t\t\t\t<div class=\"elementor-button-wrapper\">\n\t\t\t\t\t<a class=\"elementor-button elementor-button-link elementor-size-sm\" href=\"https:\/\/www.zeffy.com\/en-CA\/ticketing\/cannrt-research-forum-designing-for-access-disability-policy-equity-and-support-for-children-and-youth\">\n\t\t\t\t\t\t<span class=\"elementor-button-content-wrapper\">\n\t\t\t\t\t\t\t\t\t<span class=\"elementor-button-text\">S'inscrire<\/span>\n\t\t\t\t\t<\/span>\n\t\t\t\t\t<\/a>\n\t\t\t\t<\/div>\n\t\t\t\t\t\t\t\t<\/div>\n\t\t\t\t<\/div>\n\t\t\t\t<div class=\"elementor-element elementor-element-a844dbb elementor-widget elementor-widget-text-editor\" data-id=\"a844dbb\" data-element_type=\"widget\" data-e-type=\"widget\" data-widget_type=\"text-editor.default\">\n\t\t\t\t<div class=\"elementor-widget-container\">\n\t\t\t\t\t\t\t\t\t<div class=\"elementor-element elementor-element-69da1636 e-flex e-con-boxed wpr-particle-no wpr-jarallax-no wpr-parallax-no wpr-sticky-section-no e-con e-parent e-lazyloaded\" data-id=\"69da1636\" data-element_type=\"container\"><div class=\"e-con-inner\"><div class=\"elementor-element elementor-element-439a642 elementor-widget elementor-widget-text-editor\" data-id=\"439a642\" data-element_type=\"widget\" data-widget_type=\"text-editor.default\"><div class=\"elementor-widget-container\"><p>Cette pr\u00e9sentation examinera comment les politiques en mati\u00e8re de handicap influencent l\u2019acc\u00e8s des enfants, des jeunes et des familles aux mesures de soutien et aux services. S\u2019appuyant sur des r\u00e9sultats de recherche quantitatifs et qualitatifs, elle mettra en lumi\u00e8re les tendances et les iniquit\u00e9s en mati\u00e8re d\u2019acc\u00e8s ainsi que les exp\u00e9riences et les points de vue des familles et d\u2019autres personnes qui doivent s\u2019orienter dans les syst\u00e8mes de soutien aux personnes en situation de handicap. Ces r\u00e9sultats montreront comment la conception des politiques, les crit\u00e8res d\u2019admissibilit\u00e9 et la prestation des services peuvent d\u00e9terminer qui re\u00e7oit du soutien. Ils permettront \u00e9galement de d\u00e9gager des pistes pour b\u00e2tir des syst\u00e8mes plus \u00e9quitables et accessibles.<\/p><h3 class=\"PDq2pG_selectionAnchorContainer\" data-section-id=\"8pk0qv\" data-start=\"1511\" data-end=\"1532\"><span role=\"text\"><strong data-start=\"1515\" data-end=\"1532\">Conf\u00e9renci\u00e8re<\/strong><\/span><\/h3><p data-start=\"1534\" data-end=\"1934\"><strong data-start=\"1534\" data-end=\"1554\">Jennifer Zwicker<\/strong>, Ph. D., est directrice des politiques sociales et de sant\u00e9 \u00e0 la School of Public Policy et professeure agr\u00e9g\u00e9e \u00e0 la Facult\u00e9 de kin\u00e9siologie de l\u2019Universit\u00e9 de Calgary. Elle est titulaire de la Chaire de recherche du Canada de niveau 2 sur les politiques relatives au handicap chez les enfants et les jeunes et scientifique en chef du R\u00e9seau pour la sant\u00e9 du cerveau des enfants.<\/p><p data-start=\"1936\" data-end=\"2567\">Son programme de recherche \u00e9value des interventions et contribue \u00e0 l\u2019\u00e9laboration de politiques sur l\u2019attribution du financement, des services et des mesures de soutien destin\u00e9s aux enfants et aux jeunes en situation de handicap ou ayant des enjeux de sant\u00e9 mentale, ainsi qu\u2019\u00e0 leurs familles. Une \u00e9troite collaboration avec les personnes concern\u00e9es et les gouvernements est au c\u0153ur de ses travaux. Elle lui permet de transposer les r\u00e9sultats de recherches \u00e9valu\u00e9es par les pairs en documents de politique, en textes d\u2019opinion et en notes d\u2019information destin\u00e9es aux minist\u00e8res provinciaux et f\u00e9d\u00e9raux ainsi qu\u2019aux comit\u00e9s du S\u00e9nat.<\/p><p data-start=\"2569\" data-end=\"3218\">Les travaux de la Dre Zwicker ont contribu\u00e9 \u00e0 plusieurs initiatives nationales, notamment le Groupe de travail sur la Strat\u00e9gie nationale sur l\u2019autisme de l\u2019Acad\u00e9mie canadienne des sciences de la sant\u00e9 et le groupe de travail d\u2019experts de la Soci\u00e9t\u00e9 royale du Canada sur les politiques inclusives \u00e0 l\u2019\u00e9gard des personnes en situation de handicap pendant la pand\u00e9mie de COVID-19. Son leadership en mati\u00e8re de politiques lui a valu plusieurs distinctions. Elle est notamment dipl\u00f4m\u00e9e d\u2019Action Canada, participante au Forum canadien sur le leadership du Gouverneur g\u00e9n\u00e9ral, laur\u00e9ate du palmar\u00e8s Top 40 Under 40 du Canada et chercheuse \u00e9mergente Killam.<\/p><\/div><\/div><\/div><\/div>\t\t\t\t\t\t\t\t<\/div>\n\t\t\t\t<\/div>\n\t\t\t\t<div class=\"elementor-element elementor-element-95133b1 elementor-widget elementor-widget-html\" data-id=\"95133b1\" data-element_type=\"widget\" data-e-type=\"widget\" data-widget_type=\"html.default\">\n\t\t\t\t<div class=\"elementor-widget-container\">\n\t\t\t\t\t<div>\r\n  <div data-zeffy-embed data-form-url=\"\/embed\/ticketing\/cannrt-research-forum-designing-for-access-disability-policy-equity-and-support-for-children-and-youth\"><\/div>\r\n  <div data-zeffy-embed-fallback style=\"display:none;\">\r\n    <div style=\"position:relative;overflow:hidden;height:450px;width:100%;padding-top:450px;\"><iframe title='Donation form powered by Zeffy' style='position: absolute; border: 0; top:0;left:0;bottom:0;right:0;width:100%;height:100%' data-zeffy-embed-src='https:\/\/www.zeffy.com\/embed\/ticketing\/cannrt-research-forum-designing-for-access-disability-policy-equity-and-support-for-children-and-youth' allowpaymentrequest allowTransparency=\"true\"><\/iframe><\/div>\r\n  <\/div>\r\n  <script\r\n    src=\"https:\/\/www.zeffy.com\/embed\/v2\/zeffy-embed.js\"\r\n    onerror=\"document.querySelectorAll('[data-zeffy-embed-fallback]').forEach(function(el){el.style.display='block';el.querySelectorAll('iframe[data-zeffy-embed-src]').forEach(function(f){f.src=f.getAttribute('data-zeffy-embed-src');});});\">\r\n  <\/script>\r\n<\/div>\t\t\t\t<\/div>\n\t\t\t\t<\/div>\n\t\t\t\t<div class=\"elementor-element elementor-element-fac7549 elementor-widget elementor-widget-text-editor\" data-id=\"fac7549\" data-element_type=\"widget\" data-e-type=\"widget\" data-widget_type=\"text-editor.default\">\n\t\t\t\t<div class=\"elementor-widget-container\">\n\t\t\t\t\t\t\t\t\t<h4><strong>Questions ?\u00a0<\/strong><\/h4><p>Ellie-Anna Minogianis<br data-start=\"3483\" data-end=\"3486\" \/>Gestionnaire des programmes de formation, CanFRN<br data-start=\"3534\" data-end=\"3537\" \/><a class=\"decorated-link\" href=\"mailto:cannrt@mcgill.ca\" rel=\"noopener\" data-start=\"3537\" data-end=\"3580\">cannrt@mcgill.ca<\/a><\/p><h6>___<\/h6><h6><strong>\u00c0 propos des Forums de recherche CanFRN<\/strong><\/h6><h6>Les Forums de recherche de la <a class=\"decorated-link\" href=\"https:\/\/www.cannrt.ca\/fr\/\" target=\"_new\" rel=\"noopener\" data-start=\"3662\" data-end=\"3764\">Plateforme canadienne de formation en recherche sur le neurod\u00e9veloppement<\/a> (CanFRN) mettent en valeur la diversit\u00e9 des travaux de ses membres. La S\u00e9rie de conf\u00e9rences \u00e9minentes donne la parole \u00e0 des sp\u00e9cialistes de renomm\u00e9e internationale. Codirig\u00e9s par des personnes en formation du CanFRN et l\u2019\u00e9quipe du CanFRN, ces ateliers favorisent la collaboration et l\u2019\u00e9change de connaissances sur le neurod\u00e9veloppement et les conditions associ\u00e9es.<\/h6>\t\t\t\t\t\t\t\t<\/div>\n\t\t\t\t<\/div>\n\t\t\t\t\t<\/div>\n\t\t\t\t<\/div>\n\t\t\t\t<\/div>\n\t\t","protected":false},"excerpt":{"rendered":"<p>31 mars 2027 | En ligne<\/p>\n","protected":false},"author":16,"featured_media":57853,"comment_status":"closed","ping_status":"closed","sticky":false,"template":"","format":"standard","meta":{"footnotes":""},"categories":[53],"tags":[113],"class_list":["post-57852","post","type-post","status-publish","format-standard","has-post-thumbnail","hentry","category-evenements","tag-canfrn"],"aioseo_notices":[],"aioseo_head":"\n\t\t<!-- All in One SEO 5.0.1.1 - aioseo.com -->\n\t<meta name=\"robots\" content=\"max-image-preview:large\" \/>\n\t<meta name=\"author\" content=\"vanessa\"\/>\n\t<meta name=\"google-site-verification\" content=\"R_0kXyZmEtXWztfufQJqktg3PET1SdxNWik_1UtVa3w\" \/>\n\t<link rel=\"canonical\" href=\"https:\/\/rtsa-tacc.com\/fr\/cannrt-research-forum-designing-for-access-disability-policy-equity-and-support-for-children-and-youth\/\" \/>\n\t<meta name=\"generator\" content=\"All in One SEO (AIOSEO) 5.0.1.1\" \/>\n\t\t<meta property=\"og:locale\" content=\"fr_FR\" \/>\n\t\t<meta property=\"og:site_name\" content=\"TACC | Transforming Autism Care Consortium\" \/>\n\t\t<meta property=\"og:type\" content=\"article\" \/>\n\t\t<meta property=\"og:title\" content=\"Forum de recherche CanFRN | Concevoir pour favoriser l\u2019acc\u00e8s : politiques en mati\u00e8re de handicap, \u00e9quit\u00e9 et soutien aux enfants et aux jeunes | TACC\" \/>\n\t\t<meta property=\"og:url\" content=\"https:\/\/rtsa-tacc.com\/fr\/cannrt-research-forum-designing-for-access-disability-policy-equity-and-support-for-children-and-youth\/\" \/>\n\t\t<meta property=\"og:image\" content=\"https:\/\/rtsa-tacc.com\/wp-content\/uploads\/tacc-colored-logo.png\" \/>\n\t\t<meta property=\"og:image:secure_url\" content=\"https:\/\/rtsa-tacc.com\/wp-content\/uploads\/tacc-colored-logo.png\" \/>\n\t\t<meta property=\"article:published_time\" content=\"2026-02-16T12:00:00+00:00\" \/>\n\t\t<meta property=\"article:modified_time\" content=\"2026-08-28T20:29:37+00:00\" \/>\n\t\t<meta name=\"twitter:card\" content=\"summary_large_image\" \/>\n\t\t<meta name=\"twitter:title\" content=\"Forum de recherche CanFRN | Concevoir pour favoriser l\u2019acc\u00e8s : politiques en mati\u00e8re de handicap, \u00e9quit\u00e9 et soutien aux enfants et aux jeunes | TACC\" \/>\n\t\t<meta name=\"twitter:image\" content=\"https:\/\/rtsa-tacc.com\/wp-content\/uploads\/tacc-colored-logo.png\" \/>\n\t\t<script type=\"application\/ld+json\" class=\"aioseo-schema\">\n\t\t\t{\"@context\":\"https:\\\/\\\/schema.org\",\"@graph\":[{\"@type\":\"Article\",\"@id\":\"https:\\\/\\\/rtsa-tacc.com\\\/fr\\\/cannrt-research-forum-designing-for-access-disability-policy-equity-and-support-for-children-and-youth\\\/#article\",\"name\":\"Forum de recherche CanFRN | Concevoir pour favoriser l\\u2019acc\\u00e8s : politiques en mati\\u00e8re de handicap, \\u00e9quit\\u00e9 et soutien aux enfants et aux jeunes | TACC\",\"headline\":\"Forum de recherche CanFRN | Concevoir pour favoriser l\\u2019acc\\u00e8s : politiques en mati\\u00e8re de handicap, \\u00e9quit\\u00e9 et soutien aux enfants et aux jeunes\",\"author\":{\"@id\":\"https:\\\/\\\/rtsa-tacc.com\\\/fr\\\/author\\\/vanessa\\\/#author\"},\"publisher\":{\"@id\":\"https:\\\/\\\/rtsa-tacc.com\\\/fr\\\/#organization\"},\"image\":{\"@type\":\"ImageObject\",\"url\":\"https:\\\/\\\/rtsa-tacc.com\\\/wp-content\\\/uploads\\\/Jennifer-Zwicker.png\",\"width\":1024,\"height\":712,\"caption\":\"Jennifer Zwicker\"},\"datePublished\":\"2026-02-16T12:00:00+00:00\",\"dateModified\":\"2026-08-28T20:29:37+00:00\",\"inLanguage\":\"fr-FR\",\"mainEntityOfPage\":{\"@id\":\"https:\\\/\\\/rtsa-tacc.com\\\/fr\\\/cannrt-research-forum-designing-for-access-disability-policy-equity-and-support-for-children-and-youth\\\/#webpage\"},\"isPartOf\":{\"@id\":\"https:\\\/\\\/rtsa-tacc.com\\\/fr\\\/cannrt-research-forum-designing-for-access-disability-policy-equity-and-support-for-children-and-youth\\\/#webpage\"},\"articleSection\":\"Ev\\u00e9nements, CanFRN, Facultatif\"},{\"@type\":\"BreadcrumbList\",\"@id\":\"https:\\\/\\\/rtsa-tacc.com\\\/fr\\\/cannrt-research-forum-designing-for-access-disability-policy-equity-and-support-for-children-and-youth\\\/#breadcrumblist\",\"itemListElement\":[{\"@type\":\"ListItem\",\"@id\":\"https:\\\/\\\/rtsa-tacc.com\\\/fr\\\/#listItem\",\"position\":1,\"name\":\"Home\",\"item\":\"https:\\\/\\\/rtsa-tacc.com\\\/fr\\\/\",\"nextItem\":{\"@type\":\"ListItem\",\"@id\":\"https:\\\/\\\/rtsa-tacc.com\\\/fr\\\/category\\\/evenements\\\/#listItem\",\"name\":\"Ev\\u00e9nements\"}},{\"@type\":\"ListItem\",\"@id\":\"https:\\\/\\\/rtsa-tacc.com\\\/fr\\\/category\\\/evenements\\\/#listItem\",\"position\":2,\"name\":\"Ev\\u00e9nements\",\"item\":\"https:\\\/\\\/rtsa-tacc.com\\\/fr\\\/category\\\/evenements\\\/\",\"nextItem\":{\"@type\":\"ListItem\",\"@id\":\"https:\\\/\\\/rtsa-tacc.com\\\/fr\\\/cannrt-research-forum-designing-for-access-disability-policy-equity-and-support-for-children-and-youth\\\/#listItem\",\"name\":\"Forum de recherche CanFRN | Concevoir pour favoriser l\\u2019acc\\u00e8s : politiques en mati\\u00e8re de handicap, \\u00e9quit\\u00e9 et soutien aux enfants et aux jeunes\"},\"previousItem\":{\"@type\":\"ListItem\",\"@id\":\"https:\\\/\\\/rtsa-tacc.com\\\/fr\\\/#listItem\",\"name\":\"Home\"}},{\"@type\":\"ListItem\",\"@id\":\"https:\\\/\\\/rtsa-tacc.com\\\/fr\\\/cannrt-research-forum-designing-for-access-disability-policy-equity-and-support-for-children-and-youth\\\/#listItem\",\"position\":3,\"name\":\"Forum de recherche CanFRN | Concevoir pour favoriser l\\u2019acc\\u00e8s : politiques en mati\\u00e8re de handicap, \\u00e9quit\\u00e9 et soutien aux enfants et aux jeunes\",\"previousItem\":{\"@type\":\"ListItem\",\"@id\":\"https:\\\/\\\/rtsa-tacc.com\\\/fr\\\/category\\\/evenements\\\/#listItem\",\"name\":\"Ev\\u00e9nements\"}}]},{\"@type\":\"Organization\",\"@id\":\"https:\\\/\\\/rtsa-tacc.com\\\/fr\\\/#organization\",\"name\":\"TACC\",\"description\":\"Transforming Autism Care Consortium\",\"url\":\"https:\\\/\\\/rtsa-tacc.com\\\/fr\\\/\",\"logo\":{\"@type\":\"ImageObject\",\"url\":\"https:\\\/\\\/rtsa-tacc.com\\\/wp-content\\\/uploads\\\/tacc-colored-logo.png\",\"@id\":\"https:\\\/\\\/rtsa-tacc.com\\\/fr\\\/cannrt-research-forum-designing-for-access-disability-policy-equity-and-support-for-children-and-youth\\\/#organizationLogo\",\"width\":1089,\"height\":737},\"image\":{\"@id\":\"https:\\\/\\\/rtsa-tacc.com\\\/fr\\\/cannrt-research-forum-designing-for-access-disability-policy-equity-and-support-for-children-and-youth\\\/#organizationLogo\"}},{\"@type\":\"Person\",\"@id\":\"https:\\\/\\\/rtsa-tacc.com\\\/fr\\\/author\\\/vanessa\\\/#author\",\"url\":\"https:\\\/\\\/rtsa-tacc.com\\\/fr\\\/author\\\/vanessa\\\/\",\"name\":\"vanessa\",\"image\":{\"@type\":\"ImageObject\",\"@id\":\"https:\\\/\\\/rtsa-tacc.com\\\/fr\\\/cannrt-research-forum-designing-for-access-disability-policy-equity-and-support-for-children-and-youth\\\/#authorImage\",\"url\":\"https:\\\/\\\/secure.gravatar.com\\\/avatar\\\/8d80042e44b5bf227b4aa69f0e74e84b94f3684fe615092e2482f552ecf3394c?s=96&d=mm&r=g\",\"width\":96,\"height\":96,\"caption\":\"vanessa\"}},{\"@type\":\"WebPage\",\"@id\":\"https:\\\/\\\/rtsa-tacc.com\\\/fr\\\/cannrt-research-forum-designing-for-access-disability-policy-equity-and-support-for-children-and-youth\\\/#webpage\",\"url\":\"https:\\\/\\\/rtsa-tacc.com\\\/fr\\\/cannrt-research-forum-designing-for-access-disability-policy-equity-and-support-for-children-and-youth\\\/\",\"name\":\"Forum de recherche CanFRN | Concevoir pour favoriser l\\u2019acc\\u00e8s : politiques en mati\\u00e8re de handicap, \\u00e9quit\\u00e9 et soutien aux enfants et aux jeunes | TACC\",\"inLanguage\":\"fr-FR\",\"isPartOf\":{\"@id\":\"https:\\\/\\\/rtsa-tacc.com\\\/fr\\\/#website\"},\"breadcrumb\":{\"@id\":\"https:\\\/\\\/rtsa-tacc.com\\\/fr\\\/cannrt-research-forum-designing-for-access-disability-policy-equity-and-support-for-children-and-youth\\\/#breadcrumblist\"},\"author\":{\"@id\":\"https:\\\/\\\/rtsa-tacc.com\\\/fr\\\/author\\\/vanessa\\\/#author\"},\"creator\":{\"@id\":\"https:\\\/\\\/rtsa-tacc.com\\\/fr\\\/author\\\/vanessa\\\/#author\"},\"image\":{\"@type\":\"ImageObject\",\"url\":\"https:\\\/\\\/rtsa-tacc.com\\\/wp-content\\\/uploads\\\/Jennifer-Zwicker.png\",\"@id\":\"https:\\\/\\\/rtsa-tacc.com\\\/fr\\\/cannrt-research-forum-designing-for-access-disability-policy-equity-and-support-for-children-and-youth\\\/#mainImage\",\"width\":1024,\"height\":712,\"caption\":\"Jennifer Zwicker\"},\"primaryImageOfPage\":{\"@id\":\"https:\\\/\\\/rtsa-tacc.com\\\/fr\\\/cannrt-research-forum-designing-for-access-disability-policy-equity-and-support-for-children-and-youth\\\/#mainImage\"},\"datePublished\":\"2026-02-16T12:00:00+00:00\",\"dateModified\":\"2026-08-28T20:29:37+00:00\"},{\"@type\":\"WebSite\",\"@id\":\"https:\\\/\\\/rtsa-tacc.com\\\/fr\\\/#website\",\"url\":\"https:\\\/\\\/rtsa-tacc.com\\\/fr\\\/\",\"name\":\"TACC\",\"description\":\"Transforming Autism Care Consortium\",\"inLanguage\":\"fr-FR\",\"publisher\":{\"@id\":\"https:\\\/\\\/rtsa-tacc.com\\\/fr\\\/#organization\"}}]}\n\t\t<\/script>\n\t\t<!-- All in One SEO -->\n\n","aioseo_head_json":{"title":"Forum de recherche CanFRN | Concevoir pour favoriser l\u2019acc\u00e8s : politiques en mati\u00e8re de handicap, \u00e9quit\u00e9 et soutien aux enfants et aux jeunes | TACC","description":"","canonical_url":"https:\/\/rtsa-tacc.com\/fr\/cannrt-research-forum-designing-for-access-disability-policy-equity-and-support-for-children-and-youth\/","robots":"max-image-preview:large","keywords":"","webmasterTools":{"google-site-verification":"R_0kXyZmEtXWztfufQJqktg3PET1SdxNWik_1UtVa3w","miscellaneous":""},"schema":{"@context":"https:\/\/schema.org","@graph":[{"@type":"Article","@id":"https:\/\/rtsa-tacc.com\/fr\/cannrt-research-forum-designing-for-access-disability-policy-equity-and-support-for-children-and-youth\/#article","name":"Forum de recherche CanFRN | Concevoir pour favoriser l\u2019acc\u00e8s : politiques en mati\u00e8re de handicap, \u00e9quit\u00e9 et soutien aux enfants et aux jeunes | TACC","headline":"Forum de recherche CanFRN | Concevoir pour favoriser l\u2019acc\u00e8s : politiques en mati\u00e8re de handicap, \u00e9quit\u00e9 et soutien aux enfants et aux jeunes","author":{"@id":"https:\/\/rtsa-tacc.com\/fr\/author\/vanessa\/#author"},"publisher":{"@id":"https:\/\/rtsa-tacc.com\/fr\/#organization"},"image":{"@type":"ImageObject","url":"https:\/\/rtsa-tacc.com\/wp-content\/uploads\/Jennifer-Zwicker.png","width":1024,"height":712,"caption":"Jennifer Zwicker"},"datePublished":"2026-02-16T12:00:00+00:00","dateModified":"2026-08-28T20:29:37+00:00","inLanguage":"fr-FR","mainEntityOfPage":{"@id":"https:\/\/rtsa-tacc.com\/fr\/cannrt-research-forum-designing-for-access-disability-policy-equity-and-support-for-children-and-youth\/#webpage"},"isPartOf":{"@id":"https:\/\/rtsa-tacc.com\/fr\/cannrt-research-forum-designing-for-access-disability-policy-equity-and-support-for-children-and-youth\/#webpage"},"articleSection":"Ev\u00e9nements, CanFRN, Facultatif"},{"@type":"BreadcrumbList","@id":"https:\/\/rtsa-tacc.com\/fr\/cannrt-research-forum-designing-for-access-disability-policy-equity-and-support-for-children-and-youth\/#breadcrumblist","itemListElement":[{"@type":"ListItem","@id":"https:\/\/rtsa-tacc.com\/fr\/#listItem","position":1,"name":"Home","item":"https:\/\/rtsa-tacc.com\/fr\/","nextItem":{"@type":"ListItem","@id":"https:\/\/rtsa-tacc.com\/fr\/category\/evenements\/#listItem","name":"Ev\u00e9nements"}},{"@type":"ListItem","@id":"https:\/\/rtsa-tacc.com\/fr\/category\/evenements\/#listItem","position":2,"name":"Ev\u00e9nements","item":"https:\/\/rtsa-tacc.com\/fr\/category\/evenements\/","nextItem":{"@type":"ListItem","@id":"https:\/\/rtsa-tacc.com\/fr\/cannrt-research-forum-designing-for-access-disability-policy-equity-and-support-for-children-and-youth\/#listItem","name":"Forum de recherche CanFRN | Concevoir pour favoriser l\u2019acc\u00e8s : politiques en mati\u00e8re de handicap, \u00e9quit\u00e9 et soutien aux enfants et aux jeunes"},"previousItem":{"@type":"ListItem","@id":"https:\/\/rtsa-tacc.com\/fr\/#listItem","name":"Home"}},{"@type":"ListItem","@id":"https:\/\/rtsa-tacc.com\/fr\/cannrt-research-forum-designing-for-access-disability-policy-equity-and-support-for-children-and-youth\/#listItem","position":3,"name":"Forum de recherche CanFRN | Concevoir pour favoriser l\u2019acc\u00e8s : politiques en mati\u00e8re de handicap, \u00e9quit\u00e9 et soutien aux enfants et aux jeunes","previousItem":{"@type":"ListItem","@id":"https:\/\/rtsa-tacc.com\/fr\/category\/evenements\/#listItem","name":"Ev\u00e9nements"}}]},{"@type":"Organization","@id":"https:\/\/rtsa-tacc.com\/fr\/#organization","name":"TACC","description":"Transforming Autism Care Consortium","url":"https:\/\/rtsa-tacc.com\/fr\/","logo":{"@type":"ImageObject","url":"https:\/\/rtsa-tacc.com\/wp-content\/uploads\/tacc-colored-logo.png","@id":"https:\/\/rtsa-tacc.com\/fr\/cannrt-research-forum-designing-for-access-disability-policy-equity-and-support-for-children-and-youth\/#organizationLogo","width":1089,"height":737},"image":{"@id":"https:\/\/rtsa-tacc.com\/fr\/cannrt-research-forum-designing-for-access-disability-policy-equity-and-support-for-children-and-youth\/#organizationLogo"}},{"@type":"Person","@id":"https:\/\/rtsa-tacc.com\/fr\/author\/vanessa\/#author","url":"https:\/\/rtsa-tacc.com\/fr\/author\/vanessa\/","name":"vanessa","image":{"@type":"ImageObject","@id":"https:\/\/rtsa-tacc.com\/fr\/cannrt-research-forum-designing-for-access-disability-policy-equity-and-support-for-children-and-youth\/#authorImage","url":"https:\/\/secure.gravatar.com\/avatar\/8d80042e44b5bf227b4aa69f0e74e84b94f3684fe615092e2482f552ecf3394c?s=96&d=mm&r=g","width":96,"height":96,"caption":"vanessa"}},{"@type":"WebPage","@id":"https:\/\/rtsa-tacc.com\/fr\/cannrt-research-forum-designing-for-access-disability-policy-equity-and-support-for-children-and-youth\/#webpage","url":"https:\/\/rtsa-tacc.com\/fr\/cannrt-research-forum-designing-for-access-disability-policy-equity-and-support-for-children-and-youth\/","name":"Forum de recherche CanFRN | Concevoir pour favoriser l\u2019acc\u00e8s : politiques en mati\u00e8re de handicap, \u00e9quit\u00e9 et soutien aux enfants et aux jeunes | TACC","inLanguage":"fr-FR","isPartOf":{"@id":"https:\/\/rtsa-tacc.com\/fr\/#website"},"breadcrumb":{"@id":"https:\/\/rtsa-tacc.com\/fr\/cannrt-research-forum-designing-for-access-disability-policy-equity-and-support-for-children-and-youth\/#breadcrumblist"},"author":{"@id":"https:\/\/rtsa-tacc.com\/fr\/author\/vanessa\/#author"},"creator":{"@id":"https:\/\/rtsa-tacc.com\/fr\/author\/vanessa\/#author"},"image":{"@type":"ImageObject","url":"https:\/\/rtsa-tacc.com\/wp-content\/uploads\/Jennifer-Zwicker.png","@id":"https:\/\/rtsa-tacc.com\/fr\/cannrt-research-forum-designing-for-access-disability-policy-equity-and-support-for-children-and-youth\/#mainImage","width":1024,"height":712,"caption":"Jennifer Zwicker"},"primaryImageOfPage":{"@id":"https:\/\/rtsa-tacc.com\/fr\/cannrt-research-forum-designing-for-access-disability-policy-equity-and-support-for-children-and-youth\/#mainImage"},"datePublished":"2026-02-16T12:00:00+00:00","dateModified":"2026-08-28T20:29:37+00:00"},{"@type":"WebSite","@id":"https:\/\/rtsa-tacc.com\/fr\/#website","url":"https:\/\/rtsa-tacc.com\/fr\/","name":"TACC","description":"Transforming Autism Care Consortium","inLanguage":"fr-FR","publisher":{"@id":"https:\/\/rtsa-tacc.com\/fr\/#organization"}}]},"og:locale":"fr_FR","og:site_name":"TACC | Transforming Autism Care Consortium","og:type":"article","og:title":"Forum de recherche CanFRN | Concevoir pour favoriser l\u2019acc\u00e8s : politiques en mati\u00e8re de handicap, \u00e9quit\u00e9 et soutien aux enfants et aux jeunes | TACC","og:url":"https:\/\/rtsa-tacc.com\/fr\/cannrt-research-forum-designing-for-access-disability-policy-equity-and-support-for-children-and-youth\/","og:image":"https:\/\/rtsa-tacc.com\/wp-content\/uploads\/tacc-colored-logo.png","og:image:secure_url":"https:\/\/rtsa-tacc.com\/wp-content\/uploads\/tacc-colored-logo.png","article:published_time":"2026-02-16T12:00:00+00:00","article:modified_time":"2026-08-28T20:29:37+00:00","twitter:card":"summary_large_image","twitter:title":"Forum de recherche CanFRN | Concevoir pour favoriser l\u2019acc\u00e8s : politiques en mati\u00e8re de handicap, \u00e9quit\u00e9 et soutien aux enfants et aux jeunes | TACC","twitter:image":"https:\/\/rtsa-tacc.com\/wp-content\/uploads\/tacc-colored-logo.png"},"aioseo_meta_data":{"post_id":"57852","title":null,"description":null,"keywords":null,"keyphrases":{"focus":{"keyphrase":"","score":0,"analysis":{"keyphraseInTitle":{"score":0,"maxScore":9,"error":1}}},"additional":[]},"primary_term":null,"canonical_url":null,"og_title":null,"og_description":null,"og_object_type":"default","og_image_type":"default","og_image_url":null,"og_image_width":null,"og_image_height":null,"og_image_custom_url":null,"og_image_custom_fields":null,"og_video":"","og_custom_url":null,"og_article_section":null,"og_article_tags":null,"twitter_use_og":false,"twitter_card":"default","twitter_image_type":"default","twitter_image_url":null,"twitter_image_custom_url":null,"twitter_image_custom_fields":null,"twitter_title":null,"twitter_description":null,"schema":{"blockGraphs":[],"customGraphs":[],"default":{"data":{"Article":[],"Course":[],"Dataset":[],"FAQPage":[],"Movie":[],"Person":[],"Product":[],"ProductReview":[],"Car":[],"Recipe":[],"Service":[],"SoftwareApplication":[],"WebPage":[]},"graphName":"Article","isEnabled":true},"graphs":[]},"schema_type":"default","schema_type_options":null,"pillar_content":false,"robots_default":true,"robots_noindex":false,"robots_noarchive":false,"robots_nosnippet":false,"robots_nofollow":false,"robots_noimageindex":false,"robots_noodp":false,"robots_notranslate":false,"robots_max_snippet":"-1","robots_max_videopreview":"-1","robots_max_imagepreview":"large","priority":null,"frequency":"default","local_seo":null,"breadcrumb_settings":null,"limit_modified_date":false,"ai":{"faqs":[],"keyPoints":[],"schemas":[],"titles":[],"descriptions":[],"socialPosts":{"email":{"subject":"","preview":"","content":""},"linkedin":[],"twitter":[],"facebook":[],"instagram":[]}},"created":"2026-08-28 20:24:55","updated":"2026-08-28 21:33:33","seo_analyzer_scan_date":null,"focus_keyword":null,"additional_keywords":null,"truseo_locale":null},"aioseo_breadcrumb":"<div class=\"aioseo-breadcrumbs\"><span class=\"aioseo-breadcrumb\">\n\t\t\t<a href=\"https:\/\/rtsa-tacc.com\/fr\/\" title=\"Home\">Home<\/a>\n\t\t<\/span><span class=\"aioseo-breadcrumb-separator\">&raquo;<\/span><span class=\"aioseo-breadcrumb\">\n\t\t\t<a href=\"https:\/\/rtsa-tacc.com\/fr\/category\/evenements\/\" title=\"Ev\u00e9nements\">Ev\u00e9nements<\/a>\n\t\t<\/span><span class=\"aioseo-breadcrumb-separator\">&raquo;<\/span><span class=\"aioseo-breadcrumb\">\n\t\t\tForum de recherche CanFRN | Concevoir pour favoriser l\u2019acc\u00e8s : politiques en mati\u00e8re de handicap, \u00e9quit\u00e9 et soutien aux enfants et aux jeunes\n\t\t<\/span><\/div>","aioseo_breadcrumb_json":[{"label":"Home","link":"https:\/\/rtsa-tacc.com\/fr\/"},{"label":"Ev\u00e9nements","link":"https:\/\/rtsa-tacc.com\/fr\/category\/evenements\/"},{"label":"Forum de recherche CanFRN | Concevoir pour favoriser l\u2019acc\u00e8s : politiques en mati\u00e8re de handicap, \u00e9quit\u00e9 et soutien aux enfants et aux jeunes","link":"https:\/\/rtsa-tacc.com\/fr\/cannrt-research-forum-designing-for-access-disability-policy-equity-and-support-for-children-and-youth\/"}],"_links":{"self":[{"href":"https:\/\/rtsa-tacc.com\/fr\/wp-json\/wp\/v2\/posts\/57852","targetHints":{"allow":["GET"]}}],"collection":[{"href":"https:\/\/rtsa-tacc.com\/fr\/wp-json\/wp\/v2\/posts"}],"about":[{"href":"https:\/\/rtsa-tacc.com\/fr\/wp-json\/wp\/v2\/types\/post"}],"author":[{"embeddable":true,"href":"https:\/\/rtsa-tacc.com\/fr\/wp-json\/wp\/v2\/users\/16"}],"replies":[{"embeddable":true,"href":"https:\/\/rtsa-tacc.com\/fr\/wp-json\/wp\/v2\/comments?post=57852"}],"version-history":[{"count":5,"href":"https:\/\/rtsa-tacc.com\/fr\/wp-json\/wp\/v2\/posts\/57852\/revisions"}],"predecessor-version":[{"id":57858,"href":"https:\/\/rtsa-tacc.com\/fr\/wp-json\/wp\/v2\/posts\/57852\/revisions\/57858"}],"wp:featuredmedia":[{"embeddable":true,"href":"https:\/\/rtsa-tacc.com\/fr\/wp-json\/wp\/v2\/media\/57853"}],"wp:attachment":[{"href":"https:\/\/rtsa-tacc.com\/fr\/wp-json\/wp\/v2\/media?parent=57852"}],"wp:term":[{"taxonomy":"category","embeddable":true,"href":"https:\/\/rtsa-tacc.com\/fr\/wp-json\/wp\/v2\/categories?post=57852"},{"taxonomy":"post_tag","embeddable":true,"href":"https:\/\/rtsa-tacc.com\/fr\/wp-json\/wp\/v2\/tags?post=57852"}],"curies":[{"name":"wp","href":"https:\/\/api.w.org\/{rel}","templated":true}]}}