{"id":55859,"date":"2025-01-12T21:54:48","date_gmt":"2025-01-12T21:54:48","guid":{"rendered":"https:\/\/rtsa-tacc.com\/adi-r-2026\/"},"modified":"2026-02-25T18:35:08","modified_gmt":"2026-02-25T18:35:08","slug":"adi-r-2026","status":"publish","type":"post","link":"https:\/\/rtsa-tacc.com\/fr\/adi-r-2026\/","title":{"rendered":"Communaut\u00e9 d\u2019apprentissage | Atelier d\u2019introduction \u00e0 l\u2019Autism Diagnostic Interview \u2013 Revised (ADI-R)"},"content":{"rendered":"\t\t<div data-elementor-type=\"wp-post\" data-elementor-id=\"55859\" class=\"elementor elementor-55859 elementor-55849\" data-elementor-post-type=\"post\">\n\t\t\t\t<div class=\"elementor-element elementor-element-69da1636 e-flex e-con-boxed wpr-particle-no wpr-jarallax-no wpr-parallax-no wpr-sticky-section-no wpr-equal-height-no e-con e-parent\" data-id=\"69da1636\" data-element_type=\"container\" data-e-type=\"container\">\n\t\t\t\t\t<div class=\"e-con-inner\">\n\t\t<div class=\"elementor-element elementor-element-5fe2a74 e-con-full e-flex wpr-particle-no wpr-jarallax-no wpr-parallax-no wpr-sticky-section-no wpr-equal-height-no e-con e-child\" data-id=\"5fe2a74\" data-element_type=\"container\" data-e-type=\"container\">\n\t\t<div class=\"elementor-element elementor-element-68a5a02 e-con-full e-flex wpr-particle-no wpr-jarallax-no wpr-parallax-no wpr-sticky-section-no wpr-equal-height-no e-con e-child\" data-id=\"68a5a02\" data-element_type=\"container\" data-e-type=\"container\">\n\t\t\t\t<div class=\"elementor-element elementor-element-68ca7ab elementor-widget elementor-widget-text-editor\" data-id=\"68ca7ab\" data-element_type=\"widget\" data-e-type=\"widget\" data-widget_type=\"text-editor.default\">\n\t\t\t\t<div class=\"elementor-widget-container\">\n\t\t\t\t\t\t\t\t\t<h3 data-start=\"339\" data-end=\"348\"><strong>Aper\u00e7u<\/strong><\/h3><p data-start=\"350\" data-end=\"373\"><strong data-start=\"350\" data-end=\"371\">Dates et heures :<\/strong><\/p><ul><li data-start=\"376\" data-end=\"421\">23 septembre 2026, de 9 h 30 \u00e0 16 h 30 (HE)<\/li><li data-start=\"424\" data-end=\"469\">24 septembre 2026, de 9 h 30 \u00e0 16 h 30 (HE)<\/li><li data-start=\"472\" data-end=\"515\">25 septembre 2026, de 9 h 30 \u00e0 15 h 00 (HE)<\/li><\/ul><p data-start=\"517\" data-end=\"710\"><strong data-start=\"517\" data-end=\"529\"><br \/>Format :<\/strong> Formation virtuelle<br data-start=\"549\" data-end=\"552\" \/><strong data-start=\"552\" data-end=\"564\">Langue :<\/strong> Anglais<br data-start=\"572\" data-end=\"575\" \/><strong data-start=\"575\" data-end=\"591\">Formatrice :<\/strong> Dre Mandy Steiman, psychologue clinicienne, formatrice certifi\u00e9e<br data-start=\"656\" data-end=\"659\" \/><strong data-start=\"659\" data-end=\"680\">Frais d\u2019atelier :<\/strong> 1 150 $ \u00e0 1 250 $ CAD + taxes<\/p><p data-start=\"712\" data-end=\"1024\"><strong data-start=\"712\" data-end=\"743\">\u00c0 qui s\u2019adresse l\u2019atelier :<\/strong><br data-start=\"743\" data-end=\"746\" \/>Cliniciens et cliniciennes, chercheur\u00b7e\u00b7s, personnes en formation et professionnel\u00b7le\u00b7s du milieu de l\u2019\u00e9ducation impliqu\u00e9\u00b7e\u00b7s dans l\u2019\u00e9valuation de l\u2019autisme, y compris en milieux de soins de sant\u00e9 et scolaires, qui souhaitent d\u00e9velopper ou renforcer leur utilisation de l\u2019ADI-R.<\/p><p data-start=\"1026\" data-end=\"1211\">Cet atelier convient aux personnes qui n\u2019ont jamais suivi de formation sur l\u2019ADI-R, ainsi qu\u2019\u00e0 celles qui ont d\u00e9j\u00e0 particip\u00e9 \u00e0 un atelier ADI-R offert par une autre personne formatrice.<\/p>\t\t\t\t\t\t\t\t<\/div>\n\t\t\t\t<\/div>\n\t\t\t\t<\/div>\n\t\t\t\t<div class=\"elementor-element elementor-element-4448206 elementor-widget elementor-widget-text-editor\" data-id=\"4448206\" data-element_type=\"widget\" data-e-type=\"widget\" data-widget_type=\"text-editor.default\">\n\t\t\t\t<div class=\"elementor-widget-container\">\n\t\t\t\t\t\t\t\t\t<h3 data-start=\"1213\" data-end=\"1237\"><strong>\u00c0 propos de l\u2019atelier<\/strong><\/h3><p data-start=\"1239\" data-end=\"1737\">L\u2019<em>Autism Diagnostic Interview \u2013 Revised (ADI-R)<\/em> est un outil d\u2019\u00e9valuation diagnostique standardis\u00e9 et largement utilis\u00e9 pour appuyer l\u2019\u00e9tablissement de diagnostics d\u2019autisme. Cette entrevue approfondie, pouvant \u00eatre administr\u00e9e en personne ou \u00e0 distance par visioconf\u00e9rence, permet aux cliniciens et aux chercheurs de recueillir des informations d\u00e9taill\u00e9es sur les comportements et l\u2019histoire d\u00e9veloppementale d\u2019une personne afin d\u2019\u00e9valuer la pr\u00e9sence possible de caract\u00e9ristiques de l\u2019autisme.<\/p><p data-start=\"1739\" data-end=\"1929\">Le contenu de l\u2019atelier a \u00e9t\u00e9 mis \u00e0 jour pour 2026 afin d\u2019int\u00e9grer les nouveaux algorithmes DSM-5 de l\u2019ADI-R, les recherches r\u00e9centes sur l\u2019outil, ainsi que de nouveaux exemples de rapports.<\/p><h3 data-start=\"1931\" data-end=\"1951\"><strong><br \/>\u00c0 quoi s\u2019attendre<\/strong><\/h3><ul data-start=\"1953\" data-end=\"2590\"><li data-start=\"1953\" data-end=\"2030\"><p data-start=\"1955\" data-end=\"2030\">Apprendre les fondements de l\u2019administration et de la cotation de l\u2019ADI-R<\/p><\/li><li data-start=\"2031\" data-end=\"2164\"><p data-start=\"2033\" data-end=\"2164\">S\u2019exercer \u00e0 la cotation \u00e0 partir de l\u2019observation de deux passations compl\u00e8tes de l\u2019ADI-R, accompagn\u00e9es de discussions d\u00e9taill\u00e9es<\/p><\/li><li data-start=\"2165\" data-end=\"2290\"><p data-start=\"2167\" data-end=\"2290\">D\u00e9velopper des comp\u00e9tences pratiques pour l\u2019utilisation et l\u2019interpr\u00e9tation des algorithmes et classifications de l\u2019ADI-R<\/p><\/li><li data-start=\"2291\" data-end=\"2428\"><p data-start=\"2293\" data-end=\"2428\">Explorer l\u2019utilisation clinique de l\u2019ADI-R (p. ex. r\u00e9daction de rapports), ses propri\u00e9t\u00e9s psychom\u00e9triques et les recherches associ\u00e9es<\/p><\/li><li data-start=\"2429\" data-end=\"2541\"><p data-start=\"2431\" data-end=\"2541\">Apprendre \u00e0 utiliser l\u2019algorithme DSM-5 mis \u00e0 jour (2025) ainsi que l\u2019algorithme pour les tout-petits (2012)<\/p><\/li><li data-start=\"2542\" data-end=\"2590\"><p data-start=\"2544\" data-end=\"2590\">Recevoir des exemples de rapports actualis\u00e9s<\/p><\/li><\/ul><h3 data-start=\"2592\" data-end=\"2620\"><strong><br \/>\u00c0 propos de la formatrice<\/strong><\/h3><p data-start=\"2622\" data-end=\"2857\">La <strong data-start=\"2625\" data-end=\"2646\">Dre Mandy Steiman<\/strong>, PhD, est psychologue clinicienne sp\u00e9cialis\u00e9e dans l\u2019\u00e9valuation de l\u2019autisme et des diagnostics associ\u00e9s. Elle occupe un poste \u00e0 l\u2019Institut universitaire en sant\u00e9 mentale Douglas, affili\u00e9 \u00e0 l\u2019Universit\u00e9 McGill.<\/p><p data-start=\"2859\" data-end=\"3196\">Son parcours comprend des fonctions de psychologue principale dans des cliniques de diagnostic de soins tertiaires, ainsi que des r\u00f4les de cheffe de site clinique pour des \u00e9tudes de recherche longitudinales et multicentriques. Elle a \u00e9galement contribu\u00e9 \u00e0 l\u2019\u00e9laboration et \u00e0 la mise en \u0153uvre de protocoles int\u00e9gr\u00e9s de recherche clinique.<\/p><p data-start=\"3198\" data-end=\"3663\">La Dre Steiman forme des personnes \u00e9tudiantes et professionnelles \u00e0 l\u2019\u00e9valuation diagnostique \u00e0 des fins cliniques et de recherche. Elle est formatrice certifi\u00e9e pour l\u2019Autism Diagnostic Observation Schedule \u2013 Second Edition (ADOS-2) et l\u2019Autism Diagnostic Interview \u2013 Revised (ADI-R). Son objectif est de soutenir des pratiques de haute qualit\u00e9, fond\u00e9es sur des donn\u00e9es probantes, dans une approche empathique et collaborative avec les personnes et leurs familles.<\/p><h3 data-start=\"3665\" data-end=\"3690\"><strong><br \/>Dates et participation<\/strong><\/h3><ul><li data-start=\"3692\" data-end=\"3904\">Cet atelier en ligne est offert sur trois jours.<\/li><li data-start=\"3692\" data-end=\"3904\">Il n\u2019est pas \u00e9quivalent \u00e0 l\u2019atelier ADI-R avanc\u00e9 \/ recherche, qui est offert uniquement en pr\u00e9sence.<\/li><li data-start=\"3692\" data-end=\"3904\">La participation \u00e0 l\u2019ensemble des s\u00e9ances est obligatoire.<\/li><\/ul><h3 data-start=\"3906\" data-end=\"3924\"><strong><br \/>Mat\u00e9riel requis<\/strong><\/h3><ul><li data-start=\"3926\" data-end=\"4079\">Les personnes participantes doivent avoir acc\u00e8s \u00e0 un manuel de l\u2019ADI-R, aux protocoles et aux formulaires d\u2019algorithmes pour prendre part \u00e0 la formation.<\/li><li data-start=\"4081\" data-end=\"4322\">Le mat\u00e9riel peut \u00eatre en anglais, en fran\u00e7ais ou dans toute autre langue faisant partie des traductions officielles de l\u2019ADI-R.<br data-start=\"4208\" data-end=\"4211\" \/>Nous vous recommandons de commander ce mat\u00e9riel \u00e0 l\u2019avance afin de l\u2019avoir en main avant le d\u00e9but de l\u2019atelier.<\/li><li data-start=\"4324\" data-end=\"4424\">Veuillez nous contacter si vous avez besoin d\u2019information sur la fa\u00e7on de vous procurer ce mat\u00e9riel.<\/li><\/ul><h3 data-start=\"4426\" data-end=\"4449\"><strong><br \/>Frais et inscription<\/strong><\/h3>\t\t\t\t\t\t\t\t<\/div>\n\t\t\t\t<\/div>\n\t\t\t\t<div class=\"elementor-element elementor-element-a4d2980 elementor-widget elementor-widget-price-list\" data-id=\"a4d2980\" data-element_type=\"widget\" data-e-type=\"widget\" data-widget_type=\"price-list.default\">\n\t\t\t\t<div class=\"elementor-widget-container\">\n\t\t\t\t\t\n\t\t<ul class=\"elementor-price-list\">\n\n\t\t\t\t\t\t\t\t\t<li><a class=\"elementor-price-list-item\" href=\"#\">\t\t\t\t\n\t\t\t\t<div class=\"elementor-price-list-text\">\n\t\t\t\t\t\t\t\t\t<div class=\"elementor-price-list-header\">\n\t\t\t\t\t\t\t\t\t\t\t<span class=\"elementor-price-list-title\">\n\t\t\t\t\t\t\tFrais r\u00e9guliers\t\t\t\t\t\t<\/span>\n\t\t\t\t\t\t\t\t\t\t\t\t\t\t\t\t\t\t<span class=\"elementor-price-list-separator\"><\/span>\n\t\t\t\t\t\t\t\t\t\t\t\t\t\t\t\t\t\t\t<span class=\"elementor-price-list-price\">1 250 $ CAD + taxes<\/span>\n\t\t\t\t\t\t\t\t\t\t<\/div>\n\t\t\t\t\t\t\t\t\t\t\t\t<\/div>\n\t\t\t\t<\/a><\/li>\t\t\t\t\t\t\t\t\t\t\t\t<li><a class=\"elementor-price-list-item\" href=\"#\">\t\t\t\t\n\t\t\t\t<div class=\"elementor-price-list-text\">\n\t\t\t\t\t\t\t\t\t<div class=\"elementor-price-list-header\">\n\t\t\t\t\t\t\t\t\t\t\t<span class=\"elementor-price-list-title\">\n\t\t\t\t\t\t\tFrais r\u00e9duits\t\t\t\t\t\t<\/span>\n\t\t\t\t\t\t\t\t\t\t\t\t\t\t\t\t\t\t<span class=\"elementor-price-list-separator\"><\/span>\n\t\t\t\t\t\t\t\t\t\t\t\t\t\t\t\t\t\t\t<span class=\"elementor-price-list-price\">1 150 $ CAD + taxes<\/span>\n\t\t\t\t\t\t\t\t\t\t<\/div>\n\t\t\t\t\t\t\t\t\t\t\t\t\t\t\t<p class=\"elementor-price-list-description\">\n\t\t\t\t\t\t\tLes frais r\u00e9duits s\u2019appliquent : aux personnes \u00e9tudiantes; aux cliniciens et cliniciennes du r\u00e9seau public de la sant\u00e9 ou du syst\u00e8me scolaire public au Canada ; aux participant\u00b7e\u00b7s provenant de pays \u00e0 revenu faible ou interm\u00e9diaire\t\t\t\t\t\t<\/p>\n\t\t\t\t\t\t\t\t<\/div>\n\t\t\t\t<\/a><\/li>\t\t\t\t\t\n\t\t<\/ul>\n\n\t\t\t\t\t\t<\/div>\n\t\t\t\t<\/div>\n\t\t\t\t<div class=\"elementor-element elementor-element-a026517 elementor-widget elementor-widget-text-editor\" data-id=\"a026517\" data-element_type=\"widget\" data-e-type=\"widget\" data-widget_type=\"text-editor.default\">\n\t\t\t\t<div class=\"elementor-widget-container\">\n\t\t\t\t\t\t\t\t\t<ul><li><p data-start=\"4787\" data-end=\"5043\">L\u2019inscription h\u00e2tive est recommand\u00e9e, puisque les places sont limit\u00e9es.<\/p><\/li><li><p data-start=\"4787\" data-end=\"5043\">Apr\u00e8s avoir rempli le formulaire d\u2019inscription, vous recevrez les informations pour proc\u00e9der au paiement.<\/p><\/li><li><p data-start=\"4787\" data-end=\"5043\">Votre place est confirm\u00e9e une fois l\u2019inscription et le paiement compl\u00e9t\u00e9s.<\/p><\/li><li><p data-start=\"4787\" data-end=\"5043\">Nous nous r\u00e9servons le droit d\u2019annuler l\u2019atelier en cas de participation insuffisante.<\/p><\/li><\/ul>\t\t\t\t\t\t\t\t<\/div>\n\t\t\t\t<\/div>\n\t\t\t\t<div class=\"elementor-element elementor-element-798cc8b elementor-widget elementor-widget-button\" data-id=\"798cc8b\" data-element_type=\"widget\" data-e-type=\"widget\" data-widget_type=\"button.default\">\n\t\t\t\t<div class=\"elementor-widget-container\">\n\t\t\t\t\t\t\t\t\t<div class=\"elementor-button-wrapper\">\n\t\t\t\t\t<a class=\"elementor-button elementor-button-link elementor-size-sm\" href=\"https:\/\/can01.safelinks.protection.outlook.com\/?url=https%3A%2F%2Ftacc-redcap.bic.mni.mcgill.ca%2Fsurveys%2F%3Fs%3DTR9NHYP44DEHDP3D%26reg_training%3D5%26reg_date%3D2026-09-23%26reg_facilitator%3DMandy%2520Steiman&#038;data=05%7C02%7Cvanessa.tamburro%40muhc.mcgill.ca%7C00a40ee068af451552fd08de3bd9e55c%7C06e1fe285f8b4075bf6cae24be1a7992%7C0%7C0%7C639014004343156237%7CUnknown%7CTWFpbGZsb3d8eyJFbXB0eU1hcGkiOnRydWUsIlYiOiIwLjAuMDAwMCIsIlAiOiJXaW4zMiIsIkFOIjoiTWFpbCIsIldUIjoyfQ%3D%3D%7C0%7C%7C%7C&#038;sdata=8FDKmp%2BqjOb3jlXeyfMtBy4R%2F6PrjnXgiwRUVB0zbnU%3D&#038;reserved=0\">\n\t\t\t\t\t\t<span class=\"elementor-button-content-wrapper\">\n\t\t\t\t\t\t\t\t\t<span class=\"elementor-button-text\">S\u2019inscrire maintenant<\/span>\n\t\t\t\t\t<\/span>\n\t\t\t\t\t<\/a>\n\t\t\t\t<\/div>\n\t\t\t\t\t\t\t\t<\/div>\n\t\t\t\t<\/div>\n\t\t\t\t<div class=\"elementor-element elementor-element-41fc6a1 elementor-widget elementor-widget-text-editor\" data-id=\"41fc6a1\" data-element_type=\"widget\" data-e-type=\"widget\" data-widget_type=\"text-editor.default\">\n\t\t\t\t<div class=\"elementor-widget-container\">\n\t\t\t\t\t\t\t\t\t<h6><strong>Note :<\/strong> Si vous avez particip\u00e9 \u00e0 l\u2019un de nos ateliers en 2025, veuillez nous \u00e9crire \u00e0 <strong data-start=\"5247\" data-end=\"5272\"><a class=\"decorated-link cursor-pointer\" href=\"mailto:trainingndd@mcgill.ca\" rel=\"noopener\" data-start=\"5249\" data-end=\"5270\">trainingndd@mcgill.ca<\/a><\/strong> afin de proc\u00e9der \u00e0 votre inscription.<\/h6>\t\t\t\t\t\t\t\t<\/div>\n\t\t\t\t<\/div>\n\t\t\t\t<\/div>\n\t\t\t\t\t<\/div>\n\t\t\t\t<\/div>\n\t\t<div class=\"elementor-element elementor-element-5c11359 e-flex e-con-boxed wpr-particle-no wpr-jarallax-no wpr-parallax-no wpr-sticky-section-no wpr-equal-height-no e-con e-parent\" data-id=\"5c11359\" data-element_type=\"container\" data-e-type=\"container\">\n\t\t\t\t\t<div class=\"e-con-inner\">\n\t\t<div class=\"elementor-element elementor-element-b9ff87b e-con-full e-flex wpr-particle-no wpr-jarallax-no wpr-parallax-no wpr-sticky-section-no wpr-equal-height-no e-con e-child\" data-id=\"b9ff87b\" data-element_type=\"container\" data-e-type=\"container\">\n\t\t\t\t<div class=\"elementor-element elementor-element-f4e682d elementor-widget elementor-widget-text-editor\" data-id=\"f4e682d\" data-element_type=\"widget\" data-e-type=\"widget\" data-widget_type=\"text-editor.default\">\n\t\t\t\t<div class=\"elementor-widget-container\">\n\t\t\t\t\t\t\t\t\t<h3><b>Contact<\/b><\/h3><p>Nadia (Konstandina) Bakopanos, Coordonnatrice<br data-start=\"5374\" data-end=\"5377\" \/>R\u00e9seau pour transformer les soins en autisme (RTSA)<br data-start=\"5428\" data-end=\"5431\" \/><strong>Courriel<\/strong> :\u00a0<strong><a href=\"http:\/\/mailto:trainingndd@mcgill.ca\/\">trainingndd@mcgill.ca<\/a><\/strong><\/p><p><strong data-start=\"5469\" data-end=\"5509\">Restez inform\u00e9\u00b7e de nos formations : <a href=\"https:\/\/e1.envoke.com\/ext\/pages\/a1d7c783d48373bb0b1661417bf9266c\">joignez-vous \u00e0 notre liste d\u2019envoi<\/a><\/strong><\/p>\t\t\t\t\t\t\t\t<\/div>\n\t\t\t\t<\/div>\n\t\t\t\t<\/div>\n\t\t<div class=\"elementor-element elementor-element-40b3e13 e-con-full e-flex wpr-particle-no wpr-jarallax-no wpr-parallax-no wpr-sticky-section-no wpr-equal-height-no e-con e-child\" data-id=\"40b3e13\" data-element_type=\"container\" data-e-type=\"container\">\n\t\t\t\t<div class=\"elementor-element elementor-element-17355a4 elementor-widget elementor-widget-text-editor\" data-id=\"17355a4\" data-element_type=\"widget\" data-e-type=\"widget\" data-widget_type=\"text-editor.default\">\n\t\t\t\t<div class=\"elementor-widget-container\">\n\t\t\t\t\t\t\t\t\t<h3 data-start=\"5547\" data-end=\"5613\"><strong>\u00c0 propos de la Communaut\u00e9 d\u2019apprentissage en neurod\u00e9veloppement<\/strong><\/h3><h6 data-start=\"5615\" data-end=\"5891\">La <strong data-start=\"5618\" data-end=\"5670\">Communaut\u00e9 d\u2019apprentissage en neurod\u00e9veloppement<\/strong> est une initiative de formation et d\u2019apprentissage entre pairs dirig\u00e9e par la Dre Julie Scorah, neuropsychologue (Universit\u00e9 McGill), et offerte en partenariat avec le R\u00e9seau pour transformer les soins en autisme (RTSA).<\/h6><h6 data-start=\"5893\" data-end=\"6434\">Elle r\u00e9unit des professionnel\u00b7le\u00b7s de la sant\u00e9, des chercheur\u00b7e\u00b7s, des personnes en formation, ainsi que des personnes ayant une exp\u00e9rience v\u00e9cue et vivante, afin de renforcer des approches inclusives et fond\u00e9es sur les donn\u00e9es probantes en neurod\u00e9veloppement. \u00c0 travers des ateliers, des webinaires et des activit\u00e9s d\u2019apprentissage appliqu\u00e9, la Communaut\u00e9 d\u2019apprentissage favorise les liens entre la recherche, la pratique et les savoirs communautaires pour soutenir des retomb\u00e9es concr\u00e8tes, dans une diversit\u00e9 de milieux et de disciplines.<\/h6>\t\t\t\t\t\t\t\t<\/div>\n\t\t\t\t<\/div>\n\t\t\t\t<\/div>\n\t\t\t\t<div class=\"elementor-element elementor-element-24a42ba elementor-widget elementor-widget-image\" data-id=\"24a42ba\" data-element_type=\"widget\" data-e-type=\"widget\" data-widget_type=\"image.default\">\n\t\t\t\t<div class=\"elementor-widget-container\">\n\t\t\t\t\t\t\t\t\t\t\t\t\t\t\t<img fetchpriority=\"high\" decoding=\"async\" width=\"800\" height=\"200\" src=\"https:\/\/rtsa-tacc.com\/wp-content\/uploads\/TACCRTSA-Neuro-McGill-MUHC-1024x256.png\" class=\"attachment-large size-large wp-image-55816\" alt=\"TACC-RTSA-Neuro-McGill-MUHC\" srcset=\"https:\/\/rtsa-tacc.com\/wp-content\/uploads\/TACCRTSA-Neuro-McGill-MUHC-1024x256.png 1024w, https:\/\/rtsa-tacc.com\/wp-content\/uploads\/TACCRTSA-Neuro-McGill-MUHC-300x75.png 300w, https:\/\/rtsa-tacc.com\/wp-content\/uploads\/TACCRTSA-Neuro-McGill-MUHC-768x192.png 768w, https:\/\/rtsa-tacc.com\/wp-content\/uploads\/TACCRTSA-Neuro-McGill-MUHC-1536x384.png 1536w, https:\/\/rtsa-tacc.com\/wp-content\/uploads\/TACCRTSA-Neuro-McGill-MUHC.png 1584w\" sizes=\"(max-width: 800px) 100vw, 800px\" \/>\t\t\t\t\t\t\t\t\t\t\t\t\t\t\t<\/div>\n\t\t\t\t<\/div>\n\t\t\t\t\t<\/div>\n\t\t\t\t<\/div>\n\t\t\t\t<\/div>\n\t\t","protected":false},"excerpt":{"rendered":"<p>23, 24 et 25 septembre 2026 | Formation virtuelle<\/p>\n","protected":false},"author":16,"featured_media":51981,"comment_status":"closed","ping_status":"closed","sticky":false,"template":"","format":"standard","meta":{"footnotes":""},"categories":[53],"tags":[115,88],"class_list":["post-55859","post","type-post","status-publish","format-standard","has-post-thumbnail","hentry","category-evenements","tag-apprentissage","tag-learning-community"],"aioseo_notices":[],"_links":{"self":[{"href":"https:\/\/rtsa-tacc.com\/fr\/wp-json\/wp\/v2\/posts\/55859","targetHints":{"allow":["GET"]}}],"collection":[{"href":"https:\/\/rtsa-tacc.com\/fr\/wp-json\/wp\/v2\/posts"}],"about":[{"href":"https:\/\/rtsa-tacc.com\/fr\/wp-json\/wp\/v2\/types\/post"}],"author":[{"embeddable":true,"href":"https:\/\/rtsa-tacc.com\/fr\/wp-json\/wp\/v2\/users\/16"}],"replies":[{"embeddable":true,"href":"https:\/\/rtsa-tacc.com\/fr\/wp-json\/wp\/v2\/comments?post=55859"}],"version-history":[{"count":5,"href":"https:\/\/rtsa-tacc.com\/fr\/wp-json\/wp\/v2\/posts\/55859\/revisions"}],"predecessor-version":[{"id":55864,"href":"https:\/\/rtsa-tacc.com\/fr\/wp-json\/wp\/v2\/posts\/55859\/revisions\/55864"}],"wp:featuredmedia":[{"embeddable":true,"href":"https:\/\/rtsa-tacc.com\/fr\/wp-json\/wp\/v2\/media\/51981"}],"wp:attachment":[{"href":"https:\/\/rtsa-tacc.com\/fr\/wp-json\/wp\/v2\/media?parent=55859"}],"wp:term":[{"taxonomy":"category","embeddable":true,"href":"https:\/\/rtsa-tacc.com\/fr\/wp-json\/wp\/v2\/categories?post=55859"},{"taxonomy":"post_tag","embeddable":true,"href":"https:\/\/rtsa-tacc.com\/fr\/wp-json\/wp\/v2\/tags?post=55859"}],"curies":[{"name":"wp","href":"https:\/\/api.w.org\/{rel}","templated":true}]}}