{"id":53185,"date":"2025-05-24T15:58:00","date_gmt":"2025-05-24T15:58:00","guid":{"rendered":"https:\/\/rtsa-tacc.com\/play-connect-thrive-perspectives-on-inclusive-outdoor-activities-for-autistic-children\/"},"modified":"2025-10-29T16:21:00","modified_gmt":"2025-10-29T16:21:00","slug":"play-connect-thrive-perspectives-on-inclusive-outdoor-activities-for-autistic-children","status":"publish","type":"post","link":"https:\/\/rtsa-tacc.com\/fr\/play-connect-thrive-perspectives-on-inclusive-outdoor-activities-for-autistic-children\/","title":{"rendered":"Jouer, s\u2019engager, s&#8217;\u00e9panouir : Perspectives sur les activit\u00e9s en plein air inclusives pour les enfants autistes"},"content":{"rendered":"\t\t<div data-elementor-type=\"wp-post\" data-elementor-id=\"53185\" class=\"elementor elementor-53185 elementor-53170\" data-elementor-post-type=\"post\">\n\t\t\t\t<div class=\"elementor-element elementor-element-69da1636 e-flex e-con-boxed wpr-particle-no wpr-jarallax-no wpr-parallax-no wpr-sticky-section-no wpr-equal-height-no e-con e-parent\" data-id=\"69da1636\" data-element_type=\"container\" data-e-type=\"container\">\n\t\t\t\t\t<div class=\"e-con-inner\">\n\t\t<div class=\"elementor-element elementor-element-5fe2a74 e-con-full e-flex wpr-particle-no wpr-jarallax-no wpr-parallax-no wpr-sticky-section-no wpr-equal-height-no e-con e-child\" data-id=\"5fe2a74\" data-element_type=\"container\" data-e-type=\"container\">\n\t\t\t\t<div class=\"elementor-element elementor-element-439a642 elementor-widget elementor-widget-text-editor\" data-id=\"439a642\" data-element_type=\"widget\" data-e-type=\"widget\" data-widget_type=\"text-editor.default\">\n\t\t\t\t<div class=\"elementor-widget-container\">\n\t\t\t\t\t\t\t\t\t<p><strong>Date <\/strong>: Samedi, le 24 mai, 2025<br><strong>Heure <\/strong>: 13 h 00 \u2013 16 h 30 HNE<br><strong>Format <\/strong>: En personne<br><strong>Lieu : <\/strong>Centre \u00c0 pas de g\u00e9ant, 4400 Rue Molson, Montr\u00e9al (QC) H1Y 0A3<br><strong>Langue <\/strong>: fran\u00e7ais et anglais, avec des discussions bilingues<br><strong>Public : <\/strong>Ouvert \u00e0 toutes et tous sur inscription<\/p>\t\t\t\t\t\t\t\t<\/div>\n\t\t\t\t<\/div>\n\t\t\t\t<div class=\"elementor-element elementor-element-70ffb6f elementor-widget elementor-widget-image\" data-id=\"70ffb6f\" data-element_type=\"widget\" data-e-type=\"widget\" data-widget_type=\"image.default\">\n\t\t\t\t<div class=\"elementor-widget-container\">\n\t\t\t\t\t\t\t\t\t\t\t\t\t\t\t<img fetchpriority=\"high\" decoding=\"async\" width=\"800\" height=\"450\" src=\"https:\/\/rtsa-tacc.com\/wp-content\/uploads\/2025-Autism-Festival_GS-Event-Presentation-1024x576.png\" class=\"attachment-large size-large wp-image-53189\" alt=\"Jouer, s\u2019engager, s&#039;\u00e9panouir : Perspectives sur les activit\u00e9s en plein air inclusives pour les enfants autistes\" srcset=\"https:\/\/rtsa-tacc.com\/wp-content\/uploads\/2025-Autism-Festival_GS-Event-Presentation-1024x576.png 1024w, https:\/\/rtsa-tacc.com\/wp-content\/uploads\/2025-Autism-Festival_GS-Event-Presentation-300x169.png 300w, https:\/\/rtsa-tacc.com\/wp-content\/uploads\/2025-Autism-Festival_GS-Event-Presentation-768x432.png 768w, https:\/\/rtsa-tacc.com\/wp-content\/uploads\/2025-Autism-Festival_GS-Event-Presentation-1536x864.png 1536w, https:\/\/rtsa-tacc.com\/wp-content\/uploads\/2025-Autism-Festival_GS-Event-Presentation.png 1920w\" sizes=\"(max-width: 800px) 100vw, 800px\" \/>\t\t\t\t\t\t\t\t\t\t\t\t\t\t\t<\/div>\n\t\t\t\t<\/div>\n\t\t\t\t<\/div>\n\t\t<div class=\"elementor-element elementor-element-866432a e-con-full e-flex wpr-particle-no wpr-jarallax-no wpr-parallax-no wpr-sticky-section-no wpr-equal-height-no e-con e-child\" data-id=\"866432a\" data-element_type=\"container\" data-e-type=\"container\">\n\t\t\t\t<div class=\"elementor-element elementor-element-992e69f elementor-widget elementor-widget-text-editor\" data-id=\"992e69f\" data-element_type=\"widget\" data-e-type=\"widget\" data-widget_type=\"text-editor.default\">\n\t\t\t\t<div class=\"elementor-widget-container\">\n\t\t\t\t\t\t\t\t\t<p>Alors que la recherche met en \u00e9vidence les avantages du jeu en plein air pour le d\u00e9veloppement de l&#8217;enfant, il existe des lacunes dans la compr\u00e9hension de la mani\u00e8re dont les enfants autistes vivent et s&#8217;engagent dans des environnements de jeu en plein air. Les enfants autistes peuvent \u00eatre confront\u00e9s \u00e0 des obstacles sensoriels, sociaux et environnementaux qui les emp\u00eachent de jouer en plein air, notamment des stimuli sensoriels trop importants ou le manque d&#8217;espaces de jeu accessibles.<\/p><p><strong>Nous vous invitons \u00e0 assister \u00e0 ce panel interactif,\u00a0<\/strong><b>coorganis\u00e9e par le RTSA et \u00c0 pas de g\u00e9ant\u00a0dans le cadre du Festival autisme,<\/b><strong>\u00a0qui pr\u00e9sentera des perspectives vari\u00e9es sur le jeu en plein air pour les enfants autistes, afin d\u2019approfondir nos connaissances et \u00e9changer nos id\u00e9es sur comment favoriser des exp\u00e9riences de jeu inclusives.<\/strong><\/p><h5><strong><br \/>\u00c0 quoi s\u2019attendre :<\/strong><\/h5><ul><li data-start=\"95\" data-end=\"176\"><p data-start=\"97\" data-end=\"176\">Un aper\u00e7u des bienfaits uniques du jeu en plein air pour les enfants autistes<\/p><\/li><li data-start=\"177\" data-end=\"267\"><p data-start=\"179\" data-end=\"267\">Des strat\u00e9gies concr\u00e8tes pour cr\u00e9er des environnements de jeu accessibles et inclusifs<\/p><\/li><li data-start=\"268\" data-end=\"434\"><p data-start=\"270\" data-end=\"434\">Des occasions de partager et d\u2019\u00e9changer des savoirs entre la recherche, l\u2019\u00e9ducation, les politiques publiques et les personnes ayant une exp\u00e9rience v\u00e9cue ou vivante<\/p><\/li><\/ul>\t\t\t\t\t\t\t\t<\/div>\n\t\t\t\t<\/div>\n\t\t\t\t<\/div>\n\t\t\t\t\t<\/div>\n\t\t\t\t<\/div>\n\t\t<div class=\"elementor-element elementor-element-0a72329 e-flex e-con-boxed wpr-particle-no wpr-jarallax-no wpr-parallax-no wpr-sticky-section-no wpr-equal-height-no e-con e-parent\" data-id=\"0a72329\" data-element_type=\"container\" data-e-type=\"container\">\n\t\t\t\t\t<div class=\"e-con-inner\">\n\t\t\t\t<div class=\"elementor-element elementor-element-994ee22 elementor-widget elementor-widget-text-editor\" data-id=\"994ee22\" data-element_type=\"widget\" data-e-type=\"widget\" data-widget_type=\"text-editor.default\">\n\t\t\t\t<div class=\"elementor-widget-container\">\n\t\t\t\t\t\t\t\t\t<h5><strong>Agenda<\/strong><\/h5>\t\t\t\t\t\t\t\t<\/div>\n\t\t\t\t<\/div>\n\t\t\t\t<div class=\"elementor-element elementor-element-bd5fe79 eael-table-align-center eael-dt-th-align-left elementor-widget elementor-widget-eael-data-table\" data-id=\"bd5fe79\" data-element_type=\"widget\" data-e-type=\"widget\" data-widget_type=\"eael-data-table.default\">\n\t\t\t\t<div class=\"elementor-widget-container\">\n\t\t\t\t\t\t\t<div class=\"eael-data-table-wrap\" data-table_id=\"bd5fe79\" id=\"eael-data-table-wrapper-bd5fe79\" data-custom_responsive=\"false\">\n\t\t\t<table class=\"tablesorter eael-data-table center\" id=\"eael-data-table-bd5fe79\">\n\t\t\t    <thead>\n\t\t\t        <tr class=\"table-header\">\n\t\t\t\t\t\t\t\t\t            <th class=\"\" id=\"\" colspan=\"\">\n\t\t\t\t\t\t\t\t\t\t\t\t\t\t<span class=\"data-table-header-text\">Heure<\/span><\/th>\n\t\t\t        \t\t\t\t            <th class=\"\" id=\"\" colspan=\"\">\n\t\t\t\t\t\t\t\t\t\t\t\t\t\t<span class=\"data-table-header-text\">Description<\/span><\/th>\n\t\t\t        \t\t\t\t        <\/tr>\n\t\t\t    <\/thead>\n\t\t\t  \t<tbody>\n\t\t\t\t\t\t\t\t\t\t\t<tr>\n\t\t\t\t\t\t\t\t\t\t\t\t\t\t\t\t   \t\t\t\t\t\t\t\t\t\t\t<td colspan=\"\" rowspan=\"\" class=\"\" id=\"\">\n\t\t\t\t\t\t\t\t\t\t\t\t<div class=\"td-content-wrapper\"><div class=\"td-content\">\n\t\t\t\t\t\t\t\t\t\t\t\t\t12 : 30 &#8211; 13 : 00 \t\t\t\t\t\t\t\t\t\t\t\t<\/div><\/div>\n\t\t\t\t\t\t\t\t\t\t\t<\/td>\n\t\t\t\t\t\t\t\t\t\t\t\t\t\t\t\t\t\t\t\t\t\t\t\t\t\t\t\t\t   \t\t\t\t\t\t\t\t\t\t\t<td colspan=\"\" rowspan=\"\" class=\"\" id=\"\">\n\t\t\t\t\t\t\t\t\t\t\t\t<div class=\"td-content-wrapper\"><div class=\"td-content\">\n\t\t\t\t\t\t\t\t\t\t\t\t\tAccueil des participants et inscription \u202f\u202f \t\t\t\t\t\t\t\t\t\t\t\t<\/div><\/div>\n\t\t\t\t\t\t\t\t\t\t\t<\/td>\n\t\t\t\t\t\t\t\t\t\t\t\t\t\t\t\t\t\t\t\t\t\t\t\t\t\t<\/tr>\n\t\t\t        \t\t\t\t\t\t<tr>\n\t\t\t\t\t\t\t\t\t\t\t\t\t\t\t\t   \t\t\t\t\t\t\t\t\t\t\t<td colspan=\"\" rowspan=\"\" class=\"\" id=\"\">\n\t\t\t\t\t\t\t\t\t\t\t\t<div class=\"td-content-wrapper\"><div class=\"td-content\">\n\t\t\t\t\t\t\t\t\t\t\t\t\t13 : 00 &#8211; 13 : 25 \t\t\t\t\t\t\t\t\t\t\t\t<\/div><\/div>\n\t\t\t\t\t\t\t\t\t\t\t<\/td>\n\t\t\t\t\t\t\t\t\t\t\t\t\t\t\t\t\t\t\t\t\t\t\t\t\t\t\t\t\t   \t\t\t\t\t\t\t\t\t\t\t<td colspan=\"\" rowspan=\"\" class=\"\" id=\"\">\n\t\t\t\t\t\t\t\t\t\t\t\t<div class=\"td-content-wrapper\"><div class=\"td-content\">\n\t\t\t\t\t\t\t\t\t\t\t\t\t<p><strong>Mots d\u2019ouverture<\/strong><\/p><ul><li><strong>Alain Beaudoin<\/strong>, directeur g\u00e9n\u00e9ral, \u00c0 pas de g\u00e9ant<\/li><li><strong>Mayada Elsabbagh<\/strong>, directrice, R\u00e9seau pour transformer les soins en autisme (RTSA)<\/li><li><strong>Cheffe Kawisente Carole McGregor<\/strong>, m\u00e8re, grand-m\u00e8re et cheffe traditionnelle du clan de l\u2019Ours de Kahnaw\u00e0:ke<\/li><\/ul>\t\t\t\t\t\t\t\t\t\t\t\t<\/div><\/div>\n\t\t\t\t\t\t\t\t\t\t\t<\/td>\n\t\t\t\t\t\t\t\t\t\t\t\t\t\t\t\t\t\t\t\t\t\t\t\t\t\t<\/tr>\n\t\t\t        \t\t\t\t\t\t<tr>\n\t\t\t\t\t\t\t\t\t\t\t\t\t\t\t\t   \t\t\t\t\t\t\t\t\t\t\t<td colspan=\"\" rowspan=\"\" class=\"\" id=\"\">\n\t\t\t\t\t\t\t\t\t\t\t\t<div class=\"td-content-wrapper\"><div class=\"td-content\">\n\t\t\t\t\t\t\t\t\t\t\t\t\t13 : 30 &#8211; 15 : 00 \t\t\t\t\t\t\t\t\t\t\t\t<\/div><\/div>\n\t\t\t\t\t\t\t\t\t\t\t<\/td>\n\t\t\t\t\t\t\t\t\t\t\t\t\t\t\t\t\t\t\t\t\t\t\t\t\t\t\t\t\t   \t\t\t\t\t\t\t\t\t\t\t<td colspan=\"\" rowspan=\"\" class=\"\" id=\"\">\n\t\t\t\t\t\t\t\t\t\t\t\t<div class=\"td-content-wrapper\"><div class=\"td-content\">\n\t\t\t\t\t\t\t\t\t\t\t\t\t<p><strong>Panel<\/strong><\/p><ul><li><a href=\"https:\/\/www.linkedin.com\/in\/louise-de-lannoy-phd-a9154913\/\">Louise de\u00a0Lannoy<\/a>, Directrice g\u00e9n\u00e9rale,\u00a0<a href=\"https:\/\/www.outdoorplaycanada.ca\/fr\/\">Outdoor Play Canada<\/a><\/li><li><a href=\"https:\/\/www.linkedin.com\/in\/margaret-fraser-b21061231\/?originalSubdomain=ca\">Margaret Fraser<\/a>, Co-fondatrice et codirectrice,\u00a0<a href=\"https:\/\/www.metalude.ca\/\">Metalude<\/a><\/li><li><a href=\"https:\/\/harvey-kells.ca\/about-us\/\">Andrew Harvey<\/a>, Sp\u00e9cialiste agr\u00e9\u00e9 des terrains de jeux,\u00a0<a href=\"https:\/\/harvey-kells.ca\/fr\/\">Harvey &amp; Kells<\/a><\/li><li><a href=\"https:\/\/www.linkedin.com\/in\/kellybronjohnson\/?originalSubdomain=ca\">Kelly Bron Johnson<\/a>, Fondatrice,\u00a0<a href=\"https:\/\/compinclus.ca\/\">Compl\u00e8tement Inclusif<\/a><\/li><li>Ronan McGuire-Johnson, \u00c9l\u00e8ve<\/li><li><a href=\"https:\/\/www.linkedin.com\/in\/seiun-thomas-henderson-ba-maded-20694738\/?utm_source=share&amp;utm_campaign=share_via&amp;utm_content=profile&amp;utm_medium=ios_app\">Seiun Thomas Henderson<\/a>, Directeur de la recherche et de l\u2019innovation,\u00a0<a href=\"https:\/\/giantstepsmontreal.com\/fr\/accueil\/\">\u00c0 pas de g\u00e9ant<\/a><\/li><li><a href=\"https:\/\/www.mcgill.ca\/spot\/keiko-shikako\">Keiko Shikako<\/a>,\u00a0Professeure agr\u00e9g\u00e9e, Universit\u00e9 McGill, et co-cr\u00e9atrice de l\u2019application\u00a0<a href=\"https:\/\/jooay.com\/\">Jooay<\/a><\/li><\/ul>\t\t\t\t\t\t\t\t\t\t\t\t<\/div><\/div>\n\t\t\t\t\t\t\t\t\t\t\t<\/td>\n\t\t\t\t\t\t\t\t\t\t\t\t\t\t\t\t\t\t\t\t\t\t\t\t\t\t<\/tr>\n\t\t\t        \t\t\t\t\t\t<tr>\n\t\t\t\t\t\t\t\t\t\t\t\t\t\t\t\t   \t\t\t\t\t\t\t\t\t\t\t<td colspan=\"\" rowspan=\"\" class=\"\" id=\"\">\n\t\t\t\t\t\t\t\t\t\t\t\t<div class=\"td-content-wrapper\"><div class=\"td-content\">\n\t\t\t\t\t\t\t\t\t\t\t\t\t15\u202f: 00 &#8211; 15\u202f: 45 \t\t\t\t\t\t\t\t\t\t\t\t<\/div><\/div>\n\t\t\t\t\t\t\t\t\t\t\t<\/td>\n\t\t\t\t\t\t\t\t\t\t\t\t\t\t\t\t\t\t\t\t\t\t\t\t\t\t\t\t\t   \t\t\t\t\t\t\t\t\t\t\t<td colspan=\"\" rowspan=\"\" class=\"\" id=\"\">\n\t\t\t\t\t\t\t\t\t\t\t\t<div class=\"td-content-wrapper\"><div class=\"td-content\">\n\t\t\t\t\t\t\t\t\t\t\t\t\t<p><strong>Activit\u00e9 de jeu facilit\u00e9 par Metalude<\/strong><\/p><p>Passons de la conversation au jeu dans la cour d\u2019\u00c0 pas de g\u00e9ant!<\/p>\t\t\t\t\t\t\t\t\t\t\t\t<\/div><\/div>\n\t\t\t\t\t\t\t\t\t\t\t<\/td>\n\t\t\t\t\t\t\t\t\t\t\t\t\t\t\t\t\t\t\t\t\t\t\t\t\t\t<\/tr>\n\t\t\t        \t\t\t\t\t\t<tr>\n\t\t\t\t\t\t\t\t\t\t\t\t\t\t\t\t   \t\t\t\t\t\t\t\t\t\t\t<td colspan=\"\" rowspan=\"\" class=\"\" id=\"\">\n\t\t\t\t\t\t\t\t\t\t\t\t<div class=\"td-content-wrapper\"><div class=\"td-content\">\n\t\t\t\t\t\t\t\t\t\t\t\t\t15 : 45 &#8211; 17 : 00 \t\t\t\t\t\t\t\t\t\t\t\t<\/div><\/div>\n\t\t\t\t\t\t\t\t\t\t\t<\/td>\n\t\t\t\t\t\t\t\t\t\t\t\t\t\t\t\t\t\t\t\t\t\t\t\t\t\t\t\t\t   \t\t\t\t\t\t\t\t\t\t\t<td colspan=\"\" rowspan=\"\" class=\"\" id=\"\">\n\t\t\t\t\t\t\t\t\t\t\t\t<div class=\"td-content-wrapper\"><div class=\"td-content\">\n\t\t\t\t\t\t\t\t\t\t\t\t\tR\u00e9seautage et fin de l\u2019\u00e9v\u00e8nement \t\t\t\t\t\t\t\t\t\t\t\t<\/div><\/div>\n\t\t\t\t\t\t\t\t\t\t\t<\/td>\n\t\t\t\t\t\t\t\t\t\t\t\t\t\t\t\t\t\t\t\t\t\t\t\t\t\t<\/tr>\n\t\t\t        \t\t\t    <\/tbody>\n\t\t\t<\/table>\n\t\t<\/div>\n\t  \t\t\t\t\t<\/div>\n\t\t\t\t<\/div>\n\t\t\t\t<div class=\"elementor-element elementor-element-d28e6e7 elementor-widget elementor-widget-text-editor\" data-id=\"d28e6e7\" data-element_type=\"widget\" data-e-type=\"widget\" data-widget_type=\"text-editor.default\">\n\t\t\t\t<div class=\"elementor-widget-container\">\n\t\t\t\t\t\t\t\t\t<h5><strong>Inscription<\/strong><\/h5>\t\t\t\t\t\t\t\t<\/div>\n\t\t\t\t<\/div>\n\t\t\t\t<div class=\"elementor-element elementor-element-df77a17 elementor-widget elementor-widget-html\" data-id=\"df77a17\" data-element_type=\"widget\" data-e-type=\"widget\" data-widget_type=\"html.default\">\n\t\t\t\t<div class=\"elementor-widget-container\">\n\t\t\t\t\t<div style=\"position:relative;overflow:hidden;height:500px;width:100%;padding-top:500px;\"><iframe title='Donation form powered by Zeffy' style='position: absolute; border: 0; top:0;left:0;bottom:0;right:0;width:100%;height:100%' src='https:\/\/www.zeffy.com\/embed\/ticketing\/play-connect-thrive-perspectives-on-inclusive-outdoor-activities-for-autistic-children' allowpaymentrequest allowTransparency=\"true\"><\/iframe><\/div>\t\t\t\t<\/div>\n\t\t\t\t<\/div>\n\t\t\t\t\t<\/div>\n\t\t\t\t<\/div>\n\t\t<div class=\"elementor-element elementor-element-49144ab e-flex e-con-boxed wpr-particle-no wpr-jarallax-no wpr-parallax-no wpr-sticky-section-no wpr-equal-height-no e-con e-parent\" data-id=\"49144ab\" data-element_type=\"container\" data-e-type=\"container\">\n\t\t\t\t\t<div class=\"e-con-inner\">\n\t\t<div class=\"elementor-element elementor-element-9179c0d e-con-full e-flex wpr-particle-no wpr-jarallax-no wpr-parallax-no wpr-sticky-section-no wpr-equal-height-no e-con e-child\" data-id=\"9179c0d\" data-element_type=\"container\" data-e-type=\"container\">\n\t\t\t\t<div class=\"elementor-element elementor-element-bb73d23 elementor-widget elementor-widget-text-editor\" data-id=\"bb73d23\" data-element_type=\"widget\" data-e-type=\"widget\" data-widget_type=\"text-editor.default\">\n\t\t\t\t<div class=\"elementor-widget-container\">\n\t\t\t\t\t\t\t\t\t<h5><strong>Contact<br \/><\/strong><\/h5><p>Konstandina (Nadia) Bakopanos<br \/>Coordinatrice, RTSA<br \/><a href=\"mailto: konstandina.bakopanos@mcgill.ca\">konstandina.bakopanos@mcgill.ca<\/a><\/p><p>___<br \/><em>Le <b>R\u00e9seau pour transformer les soins en autisme<\/b> (RTSA) vise \u00e0 rassembler et mobiliser les acteurs et les actrices de la recherche en autisme \u00e0 travers le Qu\u00e9bec pour am\u00e9liorer la qualit\u00e9 de vie des personnes autistes ou ayant une autre condition neurod\u00e9veloppementale. Le RTSA est un r\u00e9seau de recherche en partenariat avec la communaut\u00e9, lanc\u00e9 en 2017 et reconnu par le Fonds de recherche du Qu\u00e9bec.<\/em><\/p><p><i><span data-start=\"99\" data-end=\"175\">Le <b>Festival autisme<\/b> du RTSA c\u00e9l\u00e8bre l\u2019inclusion par l\u2019art et la science.\u00a0<\/span>Mettant en lumi\u00e8re les croisements entre la cr\u00e9ativit\u00e9, la recherche et les exp\u00e9riences v\u00e9cues, le festival invite les communaut\u00e9s de partout au Qu\u00e9bec \u00e0 s\u2019engager aupr\u00e8s des personnes neurodivergentes et \u00e0 valoriser la richesse de leurs perspectives.<\/i><\/p><p><i><b>\u00c0 pas de g\u00e9ant<\/b> est \u00e0 l\u2019avant-garde de l\u2019\u00e9ducation et de l\u2019inclusion des personnes autistes depuis pr\u00e8s de 45 ans. Ses programmes \u00e9ducatifs et th\u00e9rapeutiques intensifs, offerts \u00e0 des \u00e9l\u00e8ves de quatre \u00e0 21 ans, sont uniques au Qu\u00e9bec et ont \u00e9t\u00e9 reproduits dans le monde entier. Avec des services sp\u00e9cialis\u00e9s et des programmes \u00e9ducatifs pour les adultes autistes, \u00c0 pas de g\u00e9ant d\u00e9veloppe des comp\u00e9tences menant \u00e0 l\u2019emploi, sous toutes ses formes, ainsi qu\u2019\u00e0 une plus grande autonomie \u00e0 la maison et dans la communaut\u00e9. De plus, \u00c0 pas de g\u00e9ant joue un r\u00f4le essentiel dans la recherche et l\u2019offre de formation sur l\u2019autisme dans tous les secteurs.\u00a0<\/i><i>Ouvert en septembre 2023, le Centre \u00c0 pas de g\u00e9ant r\u00e9pond aux besoins changeants des personnes autistes, de leurs familles et des professionnels du domaine, tout au long de leur vie.<\/i><\/p>\t\t\t\t\t\t\t\t<\/div>\n\t\t\t\t<\/div>\n\t\t\t\t<\/div>\n\t\t\t\t\t<\/div>\n\t\t\t\t<\/div>\n\t\t\t\t<\/div>\n\t\t","protected":false},"excerpt":{"rendered":"<p>Date: 24 mai 2025 | Format: En personne <\/p>\n","protected":false},"author":16,"featured_media":53173,"comment_status":"closed","ping_status":"closed","sticky":false,"template":"","format":"standard","meta":{"footnotes":""},"categories":[60],"tags":[85],"class_list":["post-53185","post","type-post","status-publish","format-standard","has-post-thumbnail","hentry","category-evenements-passes","tag-partners-for-change"],"aioseo_notices":[],"_links":{"self":[{"href":"https:\/\/rtsa-tacc.com\/fr\/wp-json\/wp\/v2\/posts\/53185","targetHints":{"allow":["GET"]}}],"collection":[{"href":"https:\/\/rtsa-tacc.com\/fr\/wp-json\/wp\/v2\/posts"}],"about":[{"href":"https:\/\/rtsa-tacc.com\/fr\/wp-json\/wp\/v2\/types\/post"}],"author":[{"embeddable":true,"href":"https:\/\/rtsa-tacc.com\/fr\/wp-json\/wp\/v2\/users\/16"}],"replies":[{"embeddable":true,"href":"https:\/\/rtsa-tacc.com\/fr\/wp-json\/wp\/v2\/comments?post=53185"}],"version-history":[{"count":40,"href":"https:\/\/rtsa-tacc.com\/fr\/wp-json\/wp\/v2\/posts\/53185\/revisions"}],"predecessor-version":[{"id":54405,"href":"https:\/\/rtsa-tacc.com\/fr\/wp-json\/wp\/v2\/posts\/53185\/revisions\/54405"}],"wp:featuredmedia":[{"embeddable":true,"href":"https:\/\/rtsa-tacc.com\/fr\/wp-json\/wp\/v2\/media\/53173"}],"wp:attachment":[{"href":"https:\/\/rtsa-tacc.com\/fr\/wp-json\/wp\/v2\/media?parent=53185"}],"wp:term":[{"taxonomy":"category","embeddable":true,"href":"https:\/\/rtsa-tacc.com\/fr\/wp-json\/wp\/v2\/categories?post=53185"},{"taxonomy":"post_tag","embeddable":true,"href":"https:\/\/rtsa-tacc.com\/fr\/wp-json\/wp\/v2\/tags?post=53185"}],"curies":[{"name":"wp","href":"https:\/\/api.w.org\/{rel}","templated":true}]}}